{"id":993,"date":"2006-09-07T15:24:44","date_gmt":"2006-09-07T14:24:44","guid":{"rendered":"http:\/\/www.aula21.net\/aulablog21\/archives\/2006\/09\/07\/un-paseo-por-la-blogosfera-extremena\/"},"modified":"2006-09-09T12:53:40","modified_gmt":"2006-09-09T11:53:40","slug":"un-paseo-por-la-blogosfera-extremena","status":"publish","type":"post","link":"http:\/\/aula21.net\/aulablog21\/archives\/2006\/09\/07\/un-paseo-por-la-blogosfera-extremena\/","title":{"rendered":"Un paseo por la blogosfera extreme\u00f1a"},"content":{"rendered":"<p>El Plan de Alfabetizaci\u00f3n Tecnol\u00f3gica y Software Libre de Extremadura (PAT), a trav\u00e9s de los Centros de Alfabetizaci\u00f3n Tecnol\u00f3gica de la regi\u00f3n, desarrolla desde principios de a\u00f1o una intensa labor de difusi\u00f3n del uso de los blog como un medio de comunicaci\u00f3n.<br \/>\nA<a href=\"http:\/\/www.nccextremadura.org\/eventos\/blogosfera\/ \"> trav\u00e9s de esta web <\/a> se puede acceder a un importante n\u00famero de bit\u00e1coras elaboradas por los ciudadanos usuarios de los Centros de Alfabetizaci\u00f3n Tecnol\u00f3gica, y en la direcci\u00f3n <a href=\"http:\/\/www.nccextremadura.net\/blog\/nccbitacora.php\">http:\/\/www.nccextremadura.net\/blog\/nccbitacora.php<\/a> se puede seguir la vida diaria de estos centros contada de primera mano por parte de sus t\u00e9cnicos y usuarios. <\/p>\n<p>Cabe destacar que el Plan de Alfabetizaci\u00f3n Tecnol\u00f3gica y Software Libre de Extremadura es un programa de la Consejer\u00eda de Infraestructuras y Desarrollo Tecnol\u00f3gico de la Junta de Extremadura, gestionado por la Asociaci\u00f3n Regional de Universidades Populares de Extremadura (AUPEX).<br \/>\nHe pinchado al azar en algunos blogs y <a href=\"http:\/\/veronica6000.blogspot.com\/\">uno de ellos es de una madre <\/a>de un alumno de secundaria que nos dice en su art\u00edculo:<\/p>\n<blockquote><p>\nSoy una madre de 3 hijos. Uno de 12 a\u00f1os, el segundo de 9 a\u00f1os y el tercero de 5 a\u00f1os. Yo lo que queria comentar es sobre el paso de mi hijo de 12 a\u00f1os de primarias a el instituto. No se vosotras pero a mi hijo le este costanto muchisimo. Que diferencia de trato entre las dos formas de ense\u00f1anzas. Como puede haber esta forma de ense\u00f1ar si se puede llamar asi, donde est\u00e1 la educacion, la disciplina, la tolerancia. La verdad es que estoy muy decepionada de este m\u00e9todo. No lo entiendo. Como puede existir esa pasividad en la forma de ense\u00f1ar. Yo he notado un monton la falta de comunicacion entre profesores y padres y madres y me preocupa bastante. Aqui se dedican a dar clases, quien las pillas a la primera tiene suerte y sino a pagar clases particulares si quieres que tus hijos aprueben. Y la libertad que tiene los alumnos no creo que sea la indicada. Mas de una vez he ido al intermedio de clases y eso era horrible, alumnos subidos en los pupitres tirando bolas de papel, los borradores, gritos, &#8230; Donde est\u00e1 la educacion? Poner un parte es la solucion ? Donde esta la relacion que existia en el centro de primarias? Aqui es totalmente inexistente, reunion con los profesores la \u00fanica fue a principio de curso y muy escasa\n<\/p><\/blockquote>\n<p>Creo que este es un sentir muy generalizado entre los padres, yo soy de la opini\u00f3n que el sacar a los alumnos de 1\u00ba y 2\u00ba de ESO de los colegios es uno m\u00e1s de los errores que cometieron los socialistas, cuando yo sea consejero de educaci\u00f3n de la realidad nacional extreme\u00f1a esos ni\u00f1os volveran a sus colegios, donde estaban mucho mejor atendidos por sus maestros de toda la vida, los profesores de secundaria no estamos preparados para atenderles debidamente.<br \/>\n\u00bfOs acorda\u00eds de aquellos maravillosos centros donde los chavales estudiaban BUP y COU? \u00a1quien los pillara!<\/p>\n<p>Para terminar decir que existe <a href=\"http:\/\/extremadurapositiva.es\/\">un agregador de blogs extreme\u00f1os en esta direcci\u00f3n<\/a>, me da la impresi\u00f3n que es bastante pro-socialista pero ello no quita para ser debidamente citado.<\/p>\n","protected":false},"excerpt":{"rendered":"<p>El Plan de Alfabetizaci\u00f3n Tecnol\u00f3gica y Software Libre de Extremadura (PAT), a trav\u00e9s de los Centros de Alfabetizaci\u00f3n Tecnol\u00f3gica de la regi\u00f3n, desarrolla desde principios de a\u00f1o una intensa labor de difusi\u00f3n del uso de los blog como un medio de comunicaci\u00f3n. A trav\u00e9s de esta web se puede acceder a un importante n\u00famero de [&hellip;]<\/p>\n","protected":false},"author":1,"featured_media":0,"comment_status":"open","ping_status":"open","sticky":false,"template":"","format":"standard","meta":{"footnotes":""},"categories":[8,3],"tags":[],"class_list":["post-993","post","type-post","status-publish","format-standard","hentry","category-educacion_e_internet","category-weblogs_herramientas_trucos_etc"],"_links":{"self":[{"href":"http:\/\/aula21.net\/aulablog21\/wp-json\/wp\/v2\/posts\/993","targetHints":{"allow":["GET"]}}],"collection":[{"href":"http:\/\/aula21.net\/aulablog21\/wp-json\/wp\/v2\/posts"}],"about":[{"href":"http:\/\/aula21.net\/aulablog21\/wp-json\/wp\/v2\/types\/post"}],"author":[{"embeddable":true,"href":"http:\/\/aula21.net\/aulablog21\/wp-json\/wp\/v2\/users\/1"}],"replies":[{"embeddable":true,"href":"http:\/\/aula21.net\/aulablog21\/wp-json\/wp\/v2\/comments?post=993"}],"version-history":[{"count":0,"href":"http:\/\/aula21.net\/aulablog21\/wp-json\/wp\/v2\/posts\/993\/revisions"}],"wp:attachment":[{"href":"http:\/\/aula21.net\/aulablog21\/wp-json\/wp\/v2\/media?parent=993"}],"wp:term":[{"taxonomy":"category","embeddable":true,"href":"http:\/\/aula21.net\/aulablog21\/wp-json\/wp\/v2\/categories?post=993"},{"taxonomy":"post_tag","embeddable":true,"href":"http:\/\/aula21.net\/aulablog21\/wp-json\/wp\/v2\/tags?post=993"}],"curies":[{"name":"wp","href":"https:\/\/api.w.org\/{rel}","templated":true}]}}