{"id":995,"date":"2006-09-08T11:39:18","date_gmt":"2006-09-08T10:39:18","guid":{"rendered":"http:\/\/www.aula21.net\/aulablog21\/archives\/2006\/09\/08\/rectificar-es-de-sabiosfrancia-apuesta-por-la-educacion\/"},"modified":"2006-09-08T11:39:18","modified_gmt":"2006-09-08T10:39:18","slug":"rectificar-es-de-sabiosfrancia-apuesta-por-la-educacion","status":"publish","type":"post","link":"http:\/\/aula21.net\/aulablog21\/archives\/2006\/09\/08\/rectificar-es-de-sabiosfrancia-apuesta-por-la-educacion\/","title":{"rendered":"Rectificar es de sabios.Francia apuesta por la educaci\u00f3n"},"content":{"rendered":"<p>Art\u00edculo de Almudena Negro en el <a href=\"http:\/\/www.diariosigloxxi.com\">diario Siglo XXI<\/a><\/p>\n<p>Primero fueron pa\u00edses como Alemania, Gran Breta\u00f1a, Finlandia o Estados Unidos. Ahora le ha tocado el turno a Francia. Lleg\u00f3 la hora de la reforma educativa. Y es que, seg\u00fan hemos podido leer esta \u00faltima semana en los medios, el Ministerio franc\u00e9s de Educaci\u00f3n, asustado por los datos que indicaban que un alto porcentaje (20%) de chicos de once a\u00f1os acababan primaria sin saber leer y escribir correctamente, ha decidido dar marcha atr\u00e1s en el sistema de aprendizaje de lectura.<\/p>\n<p>En las aulas francesas volver\u00e1 a ense\u00f1arse a leer y escribir siguiendo el tradicional m\u00e9todo sil\u00e1bico de \u201cla eme con la a, m\u00e1\u201d. Adi\u00f3s a las pijadas progres. Adi\u00f3s al m\u00e9todo global (aprender a leer relacionando una fotograf\u00eda con el nombre del objeto que en ella aparece. Es decir, aprender a leer por intuici\u00f3n). <\/p>\n<p>Dicho m\u00e9todo, implantado en 1970, en pleno auge de la \u201cComprehensive School\u201d (aqu\u00ed LODE, LOGSE\u2026), quedar\u00e1 prohibido. Y es que, seg\u00fan afirman los expertos, el m\u00e9todo de aprendizaje global era buen\u00edsimo\u2026 a la hora de crear disl\u00e9xicos. Pese a la inicial reticencia de unos docentes, siempre entregados junto a los titiriteros y los periodistas a la causa del socialismo, el Ministerio franc\u00e9s lo tiene claro. Los expertos tambi\u00e9n. Hay que volver atr\u00e1s en el tiempo. Que es tanto como decir que en las \u00faltimas d\u00e9cadas no se ha progresado en absoluto. De ah\u00ed la resistencia de la izquierda. Cualquier cosa menos aceptar su fracaso. Por muy evidente que sea. <\/p>\n<p>En Suecia \u2013desde 1992- o Dinamarca se ha optado por implantar el cheque escolar (Italia est\u00e1 en ello) y el resultado ha sido notable: los padres, que eligen el tipo de educaci\u00f3n que quieren para sus hijos y que seg\u00fan todas las encuestas est\u00e1n mucho m\u00e1s satisfechos con la ense\u00f1anza que recibe su prole, se involucran mucho m\u00e1s en el proceso educativo; la actitud de los alumnos mejora y los resultados acad\u00e9micos tambi\u00e9n. Al haber aparecido la competencia en el \u00e1mbito de los colegios, estos se esfuerza en mejorar \u2013se han dado cuenta que ya no vale hacer \u201clo que sea y como sea\u201d con el dinero del contribuyente- para as\u00ed poder seguir en el mercado.<\/p>\n<p>\u00bfY en Espa\u00f1a? Pues que si no quieres caldo, dos tazas. O sea la LOE. M\u00e1s del camelo pedag\u00f3gico. M\u00e1s del camelo \u201ccomprensivo\u201d. M\u00e1s del \u201chay que secuestrar el alma de los ni\u00f1os\u201d que ya predic\u00f3 en su d\u00eda el socialista Ministro de Educaci\u00f3n Maravall. M\u00e1s de \u201ctalleres\u201d, \u201cadaptaciones curriculares\u201d, \u201cpromociones autom\u00e1ticas\u201d y dem\u00e1s cursiladas. Y menos disciplina en las aulas. Y cada d\u00eda m\u00e1s violencia. Y mientras cada vez son m\u00e1s los alumnos que al acabar primaria no saben leer o escribir. Son cada vez m\u00e1s los padres desesperados al ver los pobres resultados del sistema educativo socialista que en Espa\u00f1a sufrimos. Ya se sabe que en nuestro pa\u00eds, si quieres que el d\u00eda de ma\u00f1ana tu hijo tenga preparaci\u00f3n y posibilidades laborales en un mundo globalizado, tienes que pagarlo. Es decir, enviar a tu hijo a la privada. O en el menos malo de los supuestos a la concertada (ese invento del PSOE para controlar los colegios religiosos). El fracaso escolar ronda porcentajes de verdadero esc\u00e1ndalo -26%-, muy superiores a la media europea. Y lo que te rondar\u00e9 morena. Es el gran \u00ab\u00e9xito\u00bb del PSOE, que siempre tratan de esconder bajo el falaz argumento de que hacen falta m\u00e1s medios (o sea, robar m\u00e1s dinero a los padres para seguir ofreciendo la misma porquer\u00eda de educaci\u00f3n): s\u00f3lo los hijos de familias con \u201cposibles\u201d pueden acceder a una buena educaci\u00f3n. Es la igualdad de los de ZP. Y, encima, insisten.<\/p>\n","protected":false},"excerpt":{"rendered":"<p>Art\u00edculo de Almudena Negro en el diario Siglo XXI Primero fueron pa\u00edses como Alemania, Gran Breta\u00f1a, Finlandia o Estados Unidos. Ahora le ha tocado el turno a Francia. Lleg\u00f3 la hora de la reforma educativa. Y es que, seg\u00fan hemos podido leer esta \u00faltima semana en los medios, el Ministerio franc\u00e9s de Educaci\u00f3n, asustado por [&hellip;]<\/p>\n","protected":false},"author":1,"featured_media":0,"comment_status":"open","ping_status":"open","sticky":false,"template":"","format":"standard","meta":{"footnotes":""},"categories":[8],"tags":[],"class_list":["post-995","post","type-post","status-publish","format-standard","hentry","category-educacion_e_internet"],"_links":{"self":[{"href":"http:\/\/aula21.net\/aulablog21\/wp-json\/wp\/v2\/posts\/995","targetHints":{"allow":["GET"]}}],"collection":[{"href":"http:\/\/aula21.net\/aulablog21\/wp-json\/wp\/v2\/posts"}],"about":[{"href":"http:\/\/aula21.net\/aulablog21\/wp-json\/wp\/v2\/types\/post"}],"author":[{"embeddable":true,"href":"http:\/\/aula21.net\/aulablog21\/wp-json\/wp\/v2\/users\/1"}],"replies":[{"embeddable":true,"href":"http:\/\/aula21.net\/aulablog21\/wp-json\/wp\/v2\/comments?post=995"}],"version-history":[{"count":0,"href":"http:\/\/aula21.net\/aulablog21\/wp-json\/wp\/v2\/posts\/995\/revisions"}],"wp:attachment":[{"href":"http:\/\/aula21.net\/aulablog21\/wp-json\/wp\/v2\/media?parent=995"}],"wp:term":[{"taxonomy":"category","embeddable":true,"href":"http:\/\/aula21.net\/aulablog21\/wp-json\/wp\/v2\/categories?post=995"},{"taxonomy":"post_tag","embeddable":true,"href":"http:\/\/aula21.net\/aulablog21\/wp-json\/wp\/v2\/tags?post=995"}],"curies":[{"name":"wp","href":"https:\/\/api.w.org\/{rel}","templated":true}]}}